{"id":6673,"date":"2024-10-09T20:21:07","date_gmt":"2024-10-09T18:21:07","guid":{"rendered":"https:\/\/www.corpusstudios.com\/?p=6673"},"modified":"2025-03-08T17:38:39","modified_gmt":"2025-03-08T16:38:39","slug":"formation-pilates-reformateur-formation-bruxelles","status":"publish","type":"post","link":"https:\/\/www.corpusstudios.com\/fr\/formation-pilates-reformer-training-brussels\/","title":{"rendered":"Ma\u00eetriser le Reformer : Formation Pilates Reformer Training"},"content":{"rendered":"<div data-elementor-type=\"wp-post\" data-elementor-id=\"6673\" class=\"elementor elementor-6673\" data-elementor-post-type=\"post\">\n\t\t\t\t\t\t<section class=\"elementor-section elementor-top-section elementor-element elementor-element-6b1e95e4 elementor-section-full_width elementor-section-height-default elementor-section-height-default\" data-id=\"6b1e95e4\" data-element_type=\"section\" data-e-type=\"section\">\n\t\t\t\t\t\t<div class=\"elementor-container elementor-column-gap-no\">\n\t\t\t\t\t<div class=\"elementor-column elementor-col-100 elementor-top-column elementor-element elementor-element-328c64fa\" data-id=\"328c64fa\" data-element_type=\"column\" data-e-type=\"column\">\n\t\t\t<div class=\"elementor-widget-wrap elementor-element-populated\">\n\t\t\t\t\t\t<div class=\"elementor-element elementor-element-70f8068 elementor-widget elementor-widget-heading\" data-id=\"70f8068\" data-element_type=\"widget\" data-e-type=\"widget\" data-widget_type=\"heading.default\">\n\t\t\t\t<div class=\"elementor-widget-container\">\n\t\t\t\t\t<h1 class=\"elementor-heading-title elementor-size-default\">Ma\u00eetriser le Reformer : Un guide pour la formation Pilates Reformer<\/h1>\t\t\t\t<\/div>\n\t\t\t\t<\/div>\n\t\t\t\t<div class=\"elementor-element elementor-element-3e78c35a cs-p-mb elementor-widget elementor-widget-text-editor\" data-id=\"3e78c35a\" data-element_type=\"widget\" data-e-type=\"widget\" data-widget_type=\"text-editor.default\">\n\t\t\t\t<div class=\"elementor-widget-container\">\n\t\t\t\t\t\t\t\t\tVous \u00eates passionn\u00e9 par le Pilates et vous cherchez \u00e0 approfondir votre pratique ou peut-\u00eatre \u00e0 entamer une carri\u00e8re enrichissante en tant qu'instructeur certifi\u00e9 ? Le Reformer, l'une des pi\u00e8ces les plus polyvalentes et efficaces de l'\u00e9quipement Pilates, offre un moyen unique d'am\u00e9liorer vos comp\u00e9tences et d'\u00e9largir votre r\u00e9pertoire d'enseignement. Chez Corpus Studios\u2122 \u00e0 Bruxelles, nous proposons une formation compl\u00e8te au Reformer Pilates con\u00e7ue pour vous aider \u00e0 ma\u00eetriser cet appareil remarquable et \u00e0 \u00e9lever votre parcours Pilates.\t\t\t\t\t\t\t\t<\/div>\n\t\t\t\t<\/div>\n\t\t\t\t<div class=\"elementor-element elementor-element-2d295af0 elementor-widget elementor-widget-heading\" data-id=\"2d295af0\" data-element_type=\"widget\" data-e-type=\"widget\" data-widget_type=\"heading.default\">\n\t\t\t\t<div class=\"elementor-widget-container\">\n\t\t\t\t\t<h2 class=\"elementor-heading-title elementor-size-default\">Pourquoi se concentrer sur le Reformer Pilates ?<\/h2>\t\t\t\t<\/div>\n\t\t\t\t<\/div>\n\t\t\t\t<div class=\"elementor-element elementor-element-ef22f21 cs-p-mb elementor-widget elementor-widget-text-editor\" data-id=\"ef22f21\" data-element_type=\"widget\" data-e-type=\"widget\" data-widget_type=\"text-editor.default\">\n\t\t\t\t<div class=\"elementor-widget-container\">\n\t\t\t\t\t\t\t\t\t<p>Le Pilates Reformer est un \u00e9quipement dynamique qui utilise un syst\u00e8me de ressorts, de poulies et un chariot glissant pour cr\u00e9er une r\u00e9sistance et un soutien. Cela permet une large gamme d'exercices qui ciblent chaque groupe musculaire, am\u00e9liorant ainsi la force, la flexibilit\u00e9, la coordination et l'\u00e9quilibre.<br \/>Les avantages de la m\u00e9thode Reformer Pilates :<\/p><ul><li>Polyvalence : Offre des centaines de variations d'exercices pour tous les niveaux de condition physique.<\/li><li>Conditionnement musculaire efficace : Engage les muscles centraux tout en tonifiant les bras, les jambes et le dos.<\/li><li>Am\u00e9lioration de l'alignement et de la posture : Favorise une bonne m\u00e9canique corporelle et un bon alignement.<\/li><li>Faible impact : Doux pour les articulations tout en offrant un entra\u00eenement stimulant.<\/li><\/ul><p>En ma\u00eetrisant le Reformer, vous pouvez offrir \u00e0 vos clients une exp\u00e9rience Pilates plus diversifi\u00e9e et plus efficace, et vous d\u00e9marquer dans un secteur comp\u00e9titif.<\/p>\t\t\t\t\t\t\t\t<\/div>\n\t\t\t\t<\/div>\n\t\t\t\t<div class=\"elementor-element elementor-element-e736584 elementor-widget elementor-widget-heading\" data-id=\"e736584\" data-element_type=\"widget\" data-e-type=\"widget\" data-widget_type=\"heading.default\">\n\t\t\t\t<div class=\"elementor-widget-container\">\n\t\t\t\t\t<h2 class=\"elementor-heading-title elementor-size-default\">Qu'est-ce que la formation Pilates Reformer ?<\/h2>\t\t\t\t<\/div>\n\t\t\t\t<\/div>\n\t\t\t\t<div class=\"elementor-element elementor-element-c0143ff cs-p-mb elementor-widget elementor-widget-text-editor\" data-id=\"c0143ff\" data-element_type=\"widget\" data-e-type=\"widget\" data-widget_type=\"text-editor.default\">\n\t\t\t\t<div class=\"elementor-widget-container\">\n\t\t\t\t\t\t\t\t\t<p>La formation Pilates Reformer est un programme sp\u00e9cialis\u00e9 qui vous permet d'acqu\u00e9rir les connaissances et les comp\u00e9tences n\u00e9cessaires pour enseigner le Pilates Reformer en toute confiance et en toute s\u00e9curit\u00e9. Chez Corpus Studios\u2122, notre formation couvre tout, des principes fondamentaux aux techniques avanc\u00e9es, vous assurant une compr\u00e9hension compl\u00e8te du Reformer et de ses applications.<br \/>Notre formation comprend<\/p><ul><li>Anatomie et physiologie : Comprendre les m\u00e9canismes du corps pour enseigner efficacement.<\/li><li>R\u00e9pertoire d'exercices : Apprentissage d'une large gamme d'exercices et de modifications sur le Reformer.<\/li><li>M\u00e9thodologie d'enseignement : D\u00e9veloppement de rep\u00e8res, s\u00e9quen\u00e7age et planification de la classe.<\/li><li>S\u00e9curit\u00e9 et \u00e9thique : Insister sur le respect de la forme et de la conduite professionnelle.<\/li><\/ul>\t\t\t\t\t\t\t\t<\/div>\n\t\t\t\t<\/div>\n\t\t\t\t<div class=\"elementor-element elementor-element-502ef81 elementor-widget elementor-widget-heading\" data-id=\"502ef81\" data-element_type=\"widget\" data-e-type=\"widget\" data-widget_type=\"heading.default\">\n\t\t\t\t<div class=\"elementor-widget-container\">\n\t\t\t\t\t<h2 class=\"elementor-heading-title elementor-size-default\">Pourquoi choisir Corpus Studios\u2122 pour votre entra\u00eenement sur Reformer ?<\/h2>\t\t\t\t<\/div>\n\t\t\t\t<\/div>\n\t\t\t\t<div class=\"elementor-element elementor-element-42bb4bf cs-p-mb elementor-widget elementor-widget-text-editor\" data-id=\"42bb4bf\" data-element_type=\"widget\" data-e-type=\"widget\" data-widget_type=\"text-editor.default\">\n\t\t\t\t<div class=\"elementor-widget-container\">\n\t\t\t\t\t\t\t\t\tSitu\u00e9 au c\u0153ur de Bruxelles, Corpus Studios\u2122 est r\u00e9put\u00e9 pour ses programmes de formation Pilates de haute qualit\u00e9. Voici pourquoi notre formation sur le Reformer se d\u00e9marque :\t\t\t\t\t\t\t\t<\/div>\n\t\t\t\t<\/div>\n\t\t\t\t<div class=\"elementor-element elementor-element-f02de84 elementor-widget elementor-widget-heading\" data-id=\"f02de84\" data-element_type=\"widget\" data-e-type=\"widget\" data-widget_type=\"heading.default\">\n\t\t\t\t<div class=\"elementor-widget-container\">\n\t\t\t\t\t<h4 class=\"elementor-heading-title elementor-size-default\">Des instructeurs exp\u00e9riment\u00e9s et passionn\u00e9s<\/h4>\t\t\t\t<\/div>\n\t\t\t\t<\/div>\n\t\t\t\t<div class=\"elementor-element elementor-element-530b6c7 cs-p-mb elementor-widget elementor-widget-text-editor\" data-id=\"530b6c7\" data-element_type=\"widget\" data-e-type=\"widget\" data-widget_type=\"text-editor.default\">\n\t\t\t\t<div class=\"elementor-widget-container\">\n\t\t\t\t\t\t\t\t\tNos instructeurs certifi\u00e9s ont des ann\u00e9es d'exp\u00e9rience et une profonde passion pour le Pilates. Ils s'engagent \u00e0 vous encadrer tout au long de votre formation, en vous fournissant des commentaires et un soutien personnalis\u00e9s pour vous aider \u00e0 exceller.\t\t\t\t\t\t\t\t<\/div>\n\t\t\t\t<\/div>\n\t\t\t\t<div class=\"elementor-element elementor-element-e0a9e0f elementor-widget elementor-widget-heading\" data-id=\"e0a9e0f\" data-element_type=\"widget\" data-e-type=\"widget\" data-widget_type=\"heading.default\">\n\t\t\t\t<div class=\"elementor-widget-container\">\n\t\t\t\t\t<h4 class=\"elementor-heading-title elementor-size-default\">Programme d'\u00e9tudes complet<\/h4>\t\t\t\t<\/div>\n\t\t\t\t<\/div>\n\t\t\t\t<div class=\"elementor-element elementor-element-57660ed cs-p-mb elementor-widget elementor-widget-text-editor\" data-id=\"57660ed\" data-element_type=\"widget\" data-e-type=\"widget\" data-widget_type=\"text-editor.default\">\n\t\t\t\t<div class=\"elementor-widget-container\">\n\t\t\t\t\t\t\t\t\t<p>Notre programme est con\u00e7u pour couvrir tous les aspects de la m\u00e9thode Reformer Pilates :<\/p><ul><li>Principes fondamentaux : Comprendre les principes essentiels de la m\u00e9thode Pilates et de la m\u00e9canique du Reformer.<\/li><li>Apprentissage progressif : Commencez par des exercices de base et progressez vers des mouvements complexes.<\/li><li>Adaptation du client : Apprendre \u00e0 modifier les exercices en fonction des capacit\u00e9s et des besoins.<\/li><li>Comp\u00e9tences professionnelles : Apprenez \u00e0 construire une carri\u00e8re r\u00e9ussie en tant qu'instructeur de Pilates.<\/li><\/ul>\t\t\t\t\t\t\t\t<\/div>\n\t\t\t\t<\/div>\n\t\t\t\t<div class=\"elementor-element elementor-element-a5c0ca3 elementor-widget elementor-widget-heading\" data-id=\"a5c0ca3\" data-element_type=\"widget\" data-e-type=\"widget\" data-widget_type=\"heading.default\">\n\t\t\t\t<div class=\"elementor-widget-container\">\n\t\t\t\t\t<h4 class=\"elementor-heading-title elementor-size-default\">Des installations ultramodernes<\/h4>\t\t\t\t<\/div>\n\t\t\t\t<\/div>\n\t\t\t\t<div class=\"elementor-element elementor-element-000a497 cs-p-mb elementor-widget elementor-widget-text-editor\" data-id=\"000a497\" data-element_type=\"widget\" data-e-type=\"widget\" data-widget_type=\"text-editor.default\">\n\t\t\t\t<div class=\"elementor-widget-container\">\n\t\t\t\t\t\t\t\t\t<p>Entra\u00eenez-vous dans nos studios modernes \u00e9quip\u00e9s des derni\u00e8res machines Reformer et appareils Pilates :<\/p><ul><li>Studio Borrens<br \/>Adresse : 33 rue Borrens, 1050 Bruxelles<\/li><li>Studio Caroly<br \/>Adresse : 33 rue Caroly, 1050 Bruxelles<\/li><\/ul><p>Notre environnement accueillant est propice \u00e0 l'apprentissage, avec toutes les ressources dont vous avez besoin pour r\u00e9ussir.<\/p>\t\t\t\t\t\t\t\t<\/div>\n\t\t\t\t<\/div>\n\t\t\t\t<div class=\"elementor-element elementor-element-5d7e820 elementor-widget elementor-widget-heading\" data-id=\"5d7e820\" data-element_type=\"widget\" data-e-type=\"widget\" data-widget_type=\"heading.default\">\n\t\t\t\t<div class=\"elementor-widget-container\">\n\t\t\t\t\t<h4 class=\"elementor-heading-title elementor-size-default\">Horaires flexibles<\/h4>\t\t\t\t<\/div>\n\t\t\t\t<\/div>\n\t\t\t\t<div class=\"elementor-element elementor-element-41201d7 cs-p-mb elementor-widget elementor-widget-text-editor\" data-id=\"41201d7\" data-element_type=\"widget\" data-e-type=\"widget\" data-widget_type=\"text-editor.default\">\n\t\t\t\t<div class=\"elementor-widget-container\">\n\t\t\t\t\t\t\t\t\tNous proposons des horaires de formation flexibles, y compris le week-end et le soir, pour tenir compte de vos engagements. Que vous soyez en train de concilier travail, \u00e9tudes ou famille, nous nous effor\u00e7ons de rendre votre formation accessible.\t\t\t\t\t\t\t\t<\/div>\n\t\t\t\t<\/div>\n\t\t\t\t<div class=\"elementor-element elementor-element-d2f7e4d elementor-widget elementor-widget-heading\" data-id=\"d2f7e4d\" data-element_type=\"widget\" data-e-type=\"widget\" data-widget_type=\"heading.default\">\n\t\t\t\t<div class=\"elementor-widget-container\">\n\t\t\t\t\t<h2 class=\"elementor-heading-title elementor-size-default\">Ce que vous apprendrez dans notre programme de formation au Reformer<\/h2>\t\t\t\t<\/div>\n\t\t\t\t<\/div>\n\t\t\t\t<div class=\"elementor-element elementor-element-66ef80c cs-p-mb elementor-widget elementor-widget-text-editor\" data-id=\"66ef80c\" data-element_type=\"widget\" data-e-type=\"widget\" data-widget_type=\"text-editor.default\">\n\t\t\t\t<div class=\"elementor-widget-container\">\n\t\t\t\t\t\t\t\t\tNotre programme complet vous permet d'acqu\u00e9rir une compr\u00e9hension et une ma\u00eetrise approfondies de la m\u00e9thode Reformer Pilates :\t\t\t\t\t\t\t\t<\/div>\n\t\t\t\t<\/div>\n\t\t\t\t<div class=\"elementor-element elementor-element-5402db4 elementor-widget elementor-widget-heading\" data-id=\"5402db4\" data-element_type=\"widget\" data-e-type=\"widget\" data-widget_type=\"heading.default\">\n\t\t\t\t<div class=\"elementor-widget-container\">\n\t\t\t\t\t<h4 class=\"elementor-heading-title elementor-size-default\">1. Fondements de la m\u00e9thode Pilates et de l'utilisation du Reformer<\/h4>\t\t\t\t<\/div>\n\t\t\t\t<\/div>\n\t\t\t\t<div class=\"elementor-element elementor-element-923cd1c cs-p-mb elementor-widget elementor-widget-text-editor\" data-id=\"923cd1c\" data-element_type=\"widget\" data-e-type=\"widget\" data-widget_type=\"text-editor.default\">\n\t\t\t\t<div class=\"elementor-widget-container\">\n\t\t\t\t\t\t\t\t\t<ul><li>Histoire et principes : D\u00e9couvrez Joseph Pilates et la philosophie qui sous-tend la m\u00e9thode.<\/li><li>Orientation de l'\u00e9quipement : Comprendre les composants et les fonctions du Reformer.<\/li><\/ul>\t\t\t\t\t\t\t\t<\/div>\n\t\t\t\t<\/div>\n\t\t\t\t<div class=\"elementor-element elementor-element-f307fa8 elementor-widget elementor-widget-heading\" data-id=\"f307fa8\" data-element_type=\"widget\" data-e-type=\"widget\" data-widget_type=\"heading.default\">\n\t\t\t\t<div class=\"elementor-widget-container\">\n\t\t\t\t\t<h4 class=\"elementor-heading-title elementor-size-default\">2. Anatomie et biom\u00e9canique<\/h4>\t\t\t\t<\/div>\n\t\t\t\t<\/div>\n\t\t\t\t<div class=\"elementor-element elementor-element-5488d7f cs-p-mb elementor-widget elementor-widget-text-editor\" data-id=\"5488d7f\" data-element_type=\"widget\" data-e-type=\"widget\" data-widget_type=\"text-editor.default\">\n\t\t\t\t<div class=\"elementor-widget-container\">\n\t\t\t\t\t\t\t\t\t<ul><li>Syst\u00e8mes musculaire et squelettique : \u00c9tudier les mouvements du corps et l'impact des exercices sur les diff\u00e9rentes parties du corps.<\/li><li>Posture et alignement : Reconna\u00eetre et corriger les probl\u00e8mes d'alignement courants.<\/li><\/ul>\t\t\t\t\t\t\t\t<\/div>\n\t\t\t\t<\/div>\n\t\t\t\t<div class=\"elementor-element elementor-element-831ec3b elementor-widget elementor-widget-heading\" data-id=\"831ec3b\" data-element_type=\"widget\" data-e-type=\"widget\" data-widget_type=\"heading.default\">\n\t\t\t\t<div class=\"elementor-widget-container\">\n\t\t\t\t\t<h4 class=\"elementor-heading-title elementor-size-default\">Techniques d'exercice et r\u00e9pertoire<\/h4>\t\t\t\t<\/div>\n\t\t\t\t<\/div>\n\t\t\t\t<div class=\"elementor-element elementor-element-ebaa612 cs-p-mb elementor-widget elementor-widget-text-editor\" data-id=\"ebaa612\" data-element_type=\"widget\" data-e-type=\"widget\" data-widget_type=\"text-editor.default\">\n\t\t\t\t<div class=\"elementor-widget-container\">\n\t\t\t\t\t\t\t\t\t<ul><li>Exercices de niveau d\u00e9butant \u00e0 avanc\u00e9 : Ma\u00eetriser une gamme compl\u00e8te de mouvements.<\/li><li>Modifications et variations : Adapter les exercices aux diff\u00e9rents besoins et objectifs des clients.<\/li><li>Programmation : Cr\u00e9er des plans d'entra\u00eenement \u00e9quilibr\u00e9s et efficaces.<\/li><\/ul>\t\t\t\t\t\t\t\t<\/div>\n\t\t\t\t<\/div>\n\t\t\t\t<div class=\"elementor-element elementor-element-b7fbc68 elementor-widget elementor-widget-heading\" data-id=\"b7fbc68\" data-element_type=\"widget\" data-e-type=\"widget\" data-widget_type=\"heading.default\">\n\t\t\t\t<div class=\"elementor-widget-container\">\n\t\t\t\t\t<h4 class=\"elementor-heading-title elementor-size-default\">4. Comp\u00e9tences p\u00e9dagogiques<\/h4>\t\t\t\t<\/div>\n\t\t\t\t<\/div>\n\t\t\t\t<div class=\"elementor-element elementor-element-c3cb922 cs-p-mb elementor-widget elementor-widget-text-editor\" data-id=\"c3cb922\" data-element_type=\"widget\" data-e-type=\"widget\" data-widget_type=\"text-editor.default\">\n\t\t\t\t<div class=\"elementor-widget-container\">\n\t\t\t\t\t\t\t\t\t<ul><li>Signalisation et instruction : D\u00e9velopper une communication claire et motivante.<\/li><li>Gestion des classes : Apprendre \u00e0 g\u00e9rer les cours collectifs et les s\u00e9ances individuelles.<\/li><li>\u00c9valuation du client : \u00c9valuer les capacit\u00e9s et les progr\u00e8s du client.<\/li><\/ul>\t\t\t\t\t\t\t\t<\/div>\n\t\t\t\t<\/div>\n\t\t\t\t<div class=\"elementor-element elementor-element-79fe408 elementor-widget elementor-widget-heading\" data-id=\"79fe408\" data-element_type=\"widget\" data-e-type=\"widget\" data-widget_type=\"heading.default\">\n\t\t\t\t<div class=\"elementor-widget-container\">\n\t\t\t\t\t<h4 class=\"elementor-heading-title elementor-size-default\">5. D\u00e9veloppement professionnel<\/h4>\t\t\t\t<\/div>\n\t\t\t\t<\/div>\n\t\t\t\t<div class=\"elementor-element elementor-element-a838a4f cs-p-mb elementor-widget elementor-widget-text-editor\" data-id=\"a838a4f\" data-element_type=\"widget\" data-e-type=\"widget\" data-widget_type=\"text-editor.default\">\n\t\t\t\t<div class=\"elementor-widget-container\">\n\t\t\t\t\t\t\t\t\t<ul><li>\u00c9thique et responsabilit\u00e9s : Mettre l'accent sur le professionnalisme et la s\u00e9curit\u00e9 des clients.<\/li><li>Pratiques commerciales : Explorer le marketing, la fid\u00e9lisation des clients et les possibilit\u00e9s de carri\u00e8re.<\/li><\/ul>\t\t\t\t\t\t\t\t<\/div>\n\t\t\t\t<\/div>\n\t\t\t\t<div class=\"elementor-element elementor-element-b3011ce elementor-widget elementor-widget-heading\" data-id=\"b3011ce\" data-element_type=\"widget\" data-e-type=\"widget\" data-widget_type=\"heading.default\">\n\t\t\t\t<div class=\"elementor-widget-container\">\n\t\t\t\t\t<h2 class=\"elementor-heading-title elementor-size-default\">Les avantages de devenir instructeur de Pilates Reformer<\/h2>\t\t\t\t<\/div>\n\t\t\t\t<\/div>\n\t\t\t\t<div class=\"elementor-element elementor-element-d373d54 elementor-widget elementor-widget-heading\" data-id=\"d373d54\" data-element_type=\"widget\" data-e-type=\"widget\" data-widget_type=\"heading.default\">\n\t\t\t\t<div class=\"elementor-widget-container\">\n\t\t\t\t\t<h4 class=\"elementor-heading-title elementor-size-default\">Am\u00e9liorez vos perspectives de carri\u00e8re<\/h4>\t\t\t\t<\/div>\n\t\t\t\t<\/div>\n\t\t\t\t<div class=\"elementor-element elementor-element-f3dd72d cs-p-mb elementor-widget elementor-widget-text-editor\" data-id=\"f3dd72d\" data-element_type=\"widget\" data-e-type=\"widget\" data-widget_type=\"text-editor.default\">\n\t\t\t\t<div class=\"elementor-widget-container\">\n\t\t\t\t\t\t\t\t\tAvec une formation sp\u00e9cialis\u00e9e sur le Reformer, vous devenez un instructeur plus polyvalent et plus recherch\u00e9. Vous pouvez proposer un plus large \u00e9ventail de cours et attirer des clients \u00e0 la recherche d'exp\u00e9riences Pilates avanc\u00e9es.\t\t\t\t\t\t\t\t<\/div>\n\t\t\t\t<\/div>\n\t\t\t\t<div class=\"elementor-element elementor-element-c8679ee elementor-widget elementor-widget-heading\" data-id=\"c8679ee\" data-element_type=\"widget\" data-e-type=\"widget\" data-widget_type=\"heading.default\">\n\t\t\t\t<div class=\"elementor-widget-container\">\n\t\t\t\t\t<h4 class=\"elementor-heading-title elementor-size-default\">Croissance et ma\u00eetrise personnelles<\/h4>\t\t\t\t<\/div>\n\t\t\t\t<\/div>\n\t\t\t\t<div class=\"elementor-element elementor-element-4feb354 cs-p-mb elementor-widget elementor-widget-text-editor\" data-id=\"4feb354\" data-element_type=\"widget\" data-e-type=\"widget\" data-widget_type=\"text-editor.default\">\n\t\t\t\t<div class=\"elementor-widget-container\">\n\t\t\t\t\t\t\t\t\tApprofondissez votre pratique et votre compr\u00e9hension de la m\u00e9thode Pilates. La ma\u00eetrise du Reformer n'am\u00e9liore pas seulement votre enseignement, mais contribue \u00e9galement \u00e0 votre parcours personnel de remise en forme.\t\t\t\t\t\t\t\t<\/div>\n\t\t\t\t<\/div>\n\t\t\t\t<div class=\"elementor-element elementor-element-6ee7274 elementor-widget elementor-widget-heading\" data-id=\"6ee7274\" data-element_type=\"widget\" data-e-type=\"widget\" data-widget_type=\"heading.default\">\n\t\t\t\t<div class=\"elementor-widget-container\">\n\t\t\t\t\t<h4 class=\"elementor-heading-title elementor-size-default\">Avoir un impact positif<\/h4>\t\t\t\t<\/div>\n\t\t\t\t<\/div>\n\t\t\t\t<div class=\"elementor-element elementor-element-46d4a8d cs-p-mb elementor-widget elementor-widget-text-editor\" data-id=\"46d4a8d\" data-element_type=\"widget\" data-e-type=\"widget\" data-widget_type=\"text-editor.default\">\n\t\t\t\t<div class=\"elementor-widget-container\">\n\t\t\t\t\t\t\t\t\tAidez vos clients \u00e0 atteindre leurs objectifs de remise en forme, \u00e0 se remettre de leurs blessures et \u00e0 am\u00e9liorer leur bien-\u00eatre g\u00e9n\u00e9ral. Votre expertise peut faire une diff\u00e9rence significative dans leur vie.\t\t\t\t\t\t\t\t<\/div>\n\t\t\t\t<\/div>\n\t\t\t\t<div class=\"elementor-element elementor-element-a39f493 elementor-widget elementor-widget-heading\" data-id=\"a39f493\" data-element_type=\"widget\" data-e-type=\"widget\" data-widget_type=\"heading.default\">\n\t\t\t\t<div class=\"elementor-widget-container\">\n\t\t\t\t\t<h2 class=\"elementor-heading-title elementor-size-default\">Comment s'inscrire \u00e0 notre programme de formation au Reformer<\/h2>\t\t\t\t<\/div>\n\t\t\t\t<\/div>\n\t\t\t\t<div class=\"elementor-element elementor-element-1bead08 cs-p-mb elementor-widget elementor-widget-text-editor\" data-id=\"1bead08\" data-element_type=\"widget\" data-e-type=\"widget\" data-widget_type=\"text-editor.default\">\n\t\t\t\t<div class=\"elementor-widget-container\">\n\t\t\t\t\t\t\t\t\t<p>Il est simple de passer \u00e0 l'\u00e9tape suivante :<\/p><ol><li>Contactez-nous : Contactez-nous par t\u00e9l\u00e9phone ou par courriel pour exprimer votre int\u00e9r\u00eat.<\/li><li>Consultation : Nous prendrons rendez-vous pour discuter de vos objectifs et r\u00e9pondre \u00e0 vos questions.<\/li><li>Inscription : Compl\u00e9tez le processus d'inscription et r\u00e9servez votre place.<\/li><li>Commencer la formation : Commencez votre voyage vers la ma\u00eetrise du Reformer.<\/li><\/ol>\t\t\t\t\t\t\t\t<\/div>\n\t\t\t\t<\/div>\n\t\t\t\t<div class=\"elementor-element elementor-element-c3fc74c elementor-widget elementor-widget-heading\" data-id=\"c3fc74c\" data-element_type=\"widget\" data-e-type=\"widget\" data-widget_type=\"heading.default\">\n\t\t\t\t<div class=\"elementor-widget-container\">\n\t\t\t\t\t<h2 class=\"elementor-heading-title elementor-size-default\">Rejoignez la communaut\u00e9 Corpus Studios\u2122<\/h2>\t\t\t\t<\/div>\n\t\t\t\t<\/div>\n\t\t\t\t<div class=\"elementor-element elementor-element-8241915 cs-p-mb elementor-widget elementor-widget-text-editor\" data-id=\"8241915\" data-element_type=\"widget\" data-e-type=\"widget\" data-widget_type=\"text-editor.default\">\n\t\t\t\t<div class=\"elementor-widget-container\">\n\t\t\t\t\t\t\t\t\t<p>Nous croyons en la cr\u00e9ation d'une communaut\u00e9 de soutien et d'inspiration. Lorsque vous vous entra\u00eenez avec nous, vous faites partie d'un r\u00e9seau de professionnels qui se consacrent \u00e0 l'excellence du Pilates.<br \/>Pourquoi notre communaut\u00e9 est importante :<\/p><ul><li>Possibilit\u00e9s de mise en r\u00e9seau : Entrez en contact avec des pairs et des professionnels du secteur.<\/li><li>Soutien continu : Acc\u00e9dez \u00e0 des ressources et \u00e0 des conseils m\u00eame apr\u00e8s la fin de votre formation.<\/li><li>Formation continue : Restez inform\u00e9 gr\u00e2ce \u00e0 des ateliers et des cours de perfectionnement.<\/li><\/ul>\t\t\t\t\t\t\t\t<\/div>\n\t\t\t\t<\/div>\n\t\t\t\t<div class=\"elementor-element elementor-element-c6702d7 elementor-widget elementor-widget-heading\" data-id=\"c6702d7\" data-element_type=\"widget\" data-e-type=\"widget\" data-widget_type=\"heading.default\">\n\t\t\t\t<div class=\"elementor-widget-container\">\n\t\t\t\t\t<h2 class=\"elementor-heading-title elementor-size-default\">Ne manquez pas cette occasion<\/h2>\t\t\t\t<\/div>\n\t\t\t\t<\/div>\n\t\t\t\t<div class=\"elementor-element elementor-element-356e3c1 cs-p-mb elementor-widget elementor-widget-text-editor\" data-id=\"356e3c1\" data-element_type=\"widget\" data-e-type=\"widget\" data-widget_type=\"text-editor.default\">\n\t\t\t\t<div class=\"elementor-widget-container\">\n\t\t\t\t\t\t\t\t\t<p>La ma\u00eetrise du Reformer peut consid\u00e9rablement \u00e9lever votre pratique du Pilates et votre carri\u00e8re d'enseignant. Gr\u00e2ce \u00e0 la formation compl\u00e8te propos\u00e9e par Corpus Studios\u2122, vous acquerrez les comp\u00e9tences, la confiance et les qualifications n\u00e9cessaires pour vous d\u00e9marquer dans ce domaine.<br \/>Pr\u00eat \u00e0 franchir le pas ?<\/p><ul><li>Am\u00e9liorez votre expertise<\/li><li>\u00c9largissez vos perspectives de carri\u00e8re<\/li><li>Cr\u00e9er un impact durable sur vos clients<\/li><\/ul><p>Contactez Corpus Studios\u2122 d\u00e8s aujourd'hui pour vous inscrire \u00e0 notre formation Pilates Reformer. Embarquons ensemble dans ce voyage et transformons votre passion en ma\u00eetrise.<\/p>\t\t\t\t\t\t\t\t<\/div>\n\t\t\t\t<\/div>\n\t\t\t\t\t<\/div>\n\t\t<\/div>\n\t\t\t\t\t<\/div>\n\t\t<\/section>\n\t\t\t\t<\/div>","protected":false},"excerpt":{"rendered":"<p>Are you passionate about Pilates and looking to deepen your practice or perhaps embark on a fulfilling career as a certified instructor? The Reformer, one of th&#8230;<\/p>","protected":false},"author":3,"featured_media":6766,"comment_status":"closed","ping_status":"open","sticky":false,"template":"","format":"standard","meta":{"footnotes":"","_wpscppro_dont_share_socialmedia":false,"_wpscppro_custom_social_share_image":0,"_facebook_share_type":"default","_twitter_share_type":"default","_linkedin_share_type":"default","_pinterest_share_type":"default","_linkedin_share_type_page":"default","_instagram_share_type":"default","_medium_share_type":"default","_threads_share_type":"default","_google_business_share_type":"default","_selected_social_profile":[{"id":"392457020809541","platform":"facebook","platformKey":0,"name":"Corpus Studios","type":"page","thumbnail_url":"https:\/\/www.corpusstudios.com\/wp-content\/uploads\/2025\/04\/244514500_4386243464764190_5534621265334769997_n-1.png","share_type":"default"}],"_wpsp_enable_custom_social_template":false,"_wpsp_social_scheduling":{"enabled":false,"datetime":null,"platforms":[],"status":"template_only","dateOption":"today","timeOption":"now","customDays":"","customHours":"","customDate":"","customTime":"","schedulingType":"absolute"},"_wpsp_active_default_template":true},"categories":[27],"tags":[],"class_list":["post-6673","post","type-post","status-publish","format-standard","has-post-thumbnail","hentry","category-blog"],"_links":{"self":[{"href":"https:\/\/www.corpusstudios.com\/fr\/wp-json\/wp\/v2\/posts\/6673","targetHints":{"allow":["GET"]}}],"collection":[{"href":"https:\/\/www.corpusstudios.com\/fr\/wp-json\/wp\/v2\/posts"}],"about":[{"href":"https:\/\/www.corpusstudios.com\/fr\/wp-json\/wp\/v2\/types\/post"}],"author":[{"embeddable":true,"href":"https:\/\/www.corpusstudios.com\/fr\/wp-json\/wp\/v2\/users\/3"}],"replies":[{"embeddable":true,"href":"https:\/\/www.corpusstudios.com\/fr\/wp-json\/wp\/v2\/comments?post=6673"}],"version-history":[{"count":0,"href":"https:\/\/www.corpusstudios.com\/fr\/wp-json\/wp\/v2\/posts\/6673\/revisions"}],"wp:featuredmedia":[{"embeddable":true,"href":"https:\/\/www.corpusstudios.com\/fr\/wp-json\/wp\/v2\/media\/6766"}],"wp:attachment":[{"href":"https:\/\/www.corpusstudios.com\/fr\/wp-json\/wp\/v2\/media?parent=6673"}],"wp:term":[{"taxonomy":"category","embeddable":true,"href":"https:\/\/www.corpusstudios.com\/fr\/wp-json\/wp\/v2\/categories?post=6673"},{"taxonomy":"post_tag","embeddable":true,"href":"https:\/\/www.corpusstudios.com\/fr\/wp-json\/wp\/v2\/tags?post=6673"}],"curies":[{"name":"wp","href":"https:\/\/api.w.org\/{rel}","templated":true}]}}